{"id":333,"date":"2022-05-27T10:50:18","date_gmt":"2022-05-27T07:50:18","guid":{"rendered":"https:\/\/visitoulufi.test.cchosting.fi\/?p=333"},"modified":"2024-05-10T14:38:01","modified_gmt":"2024-05-10T11:38:01","slug":"european-capital-of-culture-in-2026","status":"publish","type":"post","link":"http:\/\/visitoulufi-2025-10-14_10_27_17.test.cchosting.fi\/en\/european-capital-of-culture-in-2026\/","title":{"rendered":"Oulu is the European Capital of Culture 2026: take a look at the Capital of Culture!"},"content":{"rendered":"<figure class=\"wp-block-pullquote\"><blockquote><p>Oulu is the European Capital of Culture 2026 with the theme Culture and Climate Change. Cultural climate change brings together culture, art and technology in surprising ways, creating encounters and interaction. Oulu will be the stage for European culture in 2026 and events will be reflected throughout Finland and Europe. Even before 2026, the cultural scene in the Oulu region will be buzzing with new things!<\/p><\/blockquote><\/figure>","protected":false},"excerpt":{"rendered":"<p>Oulu on vuoden 2026 Euroopan kulttuurip\u00e4\u00e4kaupunki teemalla kulttuuri-ilmastonmuutos. Kulttuuri-ilmastonmuutos yhdist\u00e4\u00e4 kulttuuria, taidetta ja teknologiaa yll\u00e4tt\u00e4v\u00e4ll\u00e4kin tavalla, luo kohtaamisia ja synnytt\u00e4\u00e4 vuorovaikutusta. Oulu on eurooppalaisen kulttuurin n\u00e4ytt\u00e4m\u00f6 vuonna 2026 ja tapahtumat heijastuvat koko Suomeen ja Eurooppaan. Jo ennen vuotta 2026 Oulun seudun kulttuurikent\u00e4ll\u00e4 tapahtuu vaikka mit\u00e4 uutta! [&#8230;]<\/p>\n<p><a class=\"btn btn-secondary understrap-read-more-link\" href=\"http:\/\/visitoulufi-2025-10-14_10_27_17.test.cchosting.fi\/en\/european-capital-of-culture-in-2026\/\">Read More&#8230;<span class=\"screen-reader-text\"> from Oulu on Euroopan kulttuurip\u00e4\u00e4kaupunki 2026: kurkkaa kulttuurip\u00e4\u00e4kaupunkiin!<\/span><\/a><\/p>","protected":false},"author":2,"featured_media":932,"comment_status":"open","ping_status":"open","sticky":false,"template":"","format":"standard","meta":{"_acf_changed":false,"content-type":"","footnotes":""},"categories":[113],"tags":[],"coauthors":[154],"class_list":["post-333","post","type-post","status-publish","format-standard","has-post-thumbnail","hentry","category-kulttuuri"],"acf":[],"yoast_head":"<!-- This site is optimized with the Yoast SEO plugin v26.0 - https:\/\/yoast.com\/wordpress\/plugins\/seo\/ -->\n<title>Oulu on Euroopan kulttuurip\u00e4\u00e4kaupunki 2026: kurkkaa kulttuurip\u00e4\u00e4kaupunkiin! - Visit Oulu<\/title>\n<meta name=\"robots\" content=\"index, follow, max-snippet:-1, max-image-preview:large, max-video-preview:-1\" \/>\n<link rel=\"canonical\" href=\"https:\/\/visitoulufi-2025-10-14_10_27_17.test.cchosting.fi\/en\/european-capital-of-culture-in-2026\/\" \/>\n<meta property=\"og:locale\" content=\"en_US\" \/>\n<meta property=\"og:type\" content=\"article\" \/>\n<meta property=\"og:title\" content=\"Oulu on Euroopan kulttuurip\u00e4\u00e4kaupunki 2026: kurkkaa kulttuurip\u00e4\u00e4kaupunkiin! - Visit Oulu\" \/>\n<meta property=\"og:description\" content=\"Oulu on vuoden 2026 Euroopan kulttuurip\u00e4\u00e4kaupunki teemalla kulttuuri-ilmastonmuutos. Kulttuuri-ilmastonmuutos yhdist\u00e4\u00e4 kulttuuria, taidetta ja teknologiaa yll\u00e4tt\u00e4v\u00e4ll\u00e4kin tavalla, luo kohtaamisia ja synnytt\u00e4\u00e4 vuorovaikutusta. Oulu on eurooppalaisen kulttuurin n\u00e4ytt\u00e4m\u00f6 vuonna 2026 ja tapahtumat heijastuvat koko Suomeen ja Eurooppaan. Jo ennen vuotta 2026 Oulun seudun kulttuurikent\u00e4ll\u00e4 tapahtuu vaikka mit\u00e4 uutta! [...]Read More... from Oulu on Euroopan kulttuurip\u00e4\u00e4kaupunki 2026: kurkkaa kulttuurip\u00e4\u00e4kaupunkiin!\" \/>\n<meta property=\"og:url\" content=\"https:\/\/visitoulufi-2025-10-14_10_27_17.test.cchosting.fi\/en\/european-capital-of-culture-in-2026\/\" \/>\n<meta property=\"og:site_name\" content=\"Visit Oulu\" \/>\n<meta property=\"article:published_time\" content=\"2022-05-27T07:50:18+00:00\" \/>\n<meta property=\"article:modified_time\" content=\"2024-05-10T11:38:01+00:00\" \/>\n<meta property=\"og:image\" content=\"https:\/\/visitoulufi-2025-10-14_10_27_17.test.cchosting.fi\/wp-content\/uploads\/2022\/05\/konsertti1.jpg\" \/>\n\t<meta property=\"og:image:width\" content=\"1920\" \/>\n\t<meta property=\"og:image:height\" content=\"1080\" \/>\n\t<meta property=\"og:image:type\" content=\"image\/jpeg\" \/>\n<meta name=\"author\" content=\"Erika Neitola\" \/>\n<meta name=\"twitter:card\" content=\"summary_large_image\" \/>\n<meta name=\"twitter:label1\" content=\"Written by\" \/>\n\t<meta name=\"twitter:data1\" content=\"Erika Neitola\" \/>\n\t<meta name=\"twitter:label2\" content=\"Est. reading time\" \/>\n\t<meta name=\"twitter:data2\" content=\"1 minute\" \/>\n<script type=\"application\/ld+json\" class=\"yoast-schema-graph\">{\"@context\":\"https:\/\/schema.org\",\"@graph\":[{\"@type\":\"WebPage\",\"@id\":\"https:\/\/visitoulufi-2025-10-14_10_27_17.test.cchosting.fi\/euroopan-kulttuuripaakaupunki-vuonna-2026\/\",\"url\":\"https:\/\/visitoulufi-2025-10-14_10_27_17.test.cchosting.fi\/euroopan-kulttuuripaakaupunki-vuonna-2026\/\",\"name\":\"Oulu on Euroopan kulttuurip\u00e4\u00e4kaupunki 2026: kurkkaa kulttuurip\u00e4\u00e4kaupunkiin! - Visit Oulu\",\"isPartOf\":{\"@id\":\"https:\/\/visitoulufi-2025-10-14_10_27_17.test.cchosting.fi\/#website\"},\"primaryImageOfPage\":{\"@id\":\"https:\/\/visitoulufi-2025-10-14_10_27_17.test.cchosting.fi\/euroopan-kulttuuripaakaupunki-vuonna-2026\/#primaryimage\"},\"image\":{\"@id\":\"https:\/\/visitoulufi-2025-10-14_10_27_17.test.cchosting.fi\/euroopan-kulttuuripaakaupunki-vuonna-2026\/#primaryimage\"},\"thumbnailUrl\":\"https:\/\/visitoulufi-2025-10-14_10_27_17.test.cchosting.fi\/wp-content\/uploads\/2022\/05\/konsertti1.jpg\",\"datePublished\":\"2022-05-27T07:50:18+00:00\",\"dateModified\":\"2024-05-10T11:38:01+00:00\",\"author\":{\"@id\":\"https:\/\/visitoulufi-2025-10-14_10_27_17.test.cchosting.fi\/#\/schema\/person\/8604066a7f138d3d272253d5a77f03f4\"},\"breadcrumb\":{\"@id\":\"https:\/\/visitoulufi-2025-10-14_10_27_17.test.cchosting.fi\/euroopan-kulttuuripaakaupunki-vuonna-2026\/#breadcrumb\"},\"inLanguage\":\"en-US\",\"potentialAction\":[{\"@type\":\"ReadAction\",\"target\":[\"https:\/\/visitoulufi-2025-10-14_10_27_17.test.cchosting.fi\/euroopan-kulttuuripaakaupunki-vuonna-2026\/\"]}]},{\"@type\":\"ImageObject\",\"inLanguage\":\"en-US\",\"@id\":\"https:\/\/visitoulufi-2025-10-14_10_27_17.test.cchosting.fi\/euroopan-kulttuuripaakaupunki-vuonna-2026\/#primaryimage\",\"url\":\"https:\/\/visitoulufi-2025-10-14_10_27_17.test.cchosting.fi\/wp-content\/uploads\/2022\/05\/konsertti1.jpg\",\"contentUrl\":\"https:\/\/visitoulufi-2025-10-14_10_27_17.test.cchosting.fi\/wp-content\/uploads\/2022\/05\/konsertti1.jpg\",\"width\":1920,\"height\":1080},{\"@type\":\"BreadcrumbList\",\"@id\":\"https:\/\/visitoulufi-2025-10-14_10_27_17.test.cchosting.fi\/euroopan-kulttuuripaakaupunki-vuonna-2026\/#breadcrumb\",\"itemListElement\":[{\"@type\":\"ListItem\",\"position\":1,\"name\":\"Etusivu\",\"item\":\"https:\/\/visitoulufi-2025-10-14_10_27_17.test.cchosting.fi\/\"},{\"@type\":\"ListItem\",\"position\":2,\"name\":\"Oulu on Euroopan kulttuurip\u00e4\u00e4kaupunki 2026: kurkkaa kulttuurip\u00e4\u00e4kaupunkiin!\"}]},{\"@type\":\"WebSite\",\"@id\":\"https:\/\/visitoulufi-2025-10-14_10_27_17.test.cchosting.fi\/#website\",\"url\":\"https:\/\/visitoulufi-2025-10-14_10_27_17.test.cchosting.fi\/\",\"name\":\"Visit Oulu\",\"description\":\"\",\"potentialAction\":[{\"@type\":\"SearchAction\",\"target\":{\"@type\":\"EntryPoint\",\"urlTemplate\":\"https:\/\/visitoulufi-2025-10-14_10_27_17.test.cchosting.fi\/?s={search_term_string}\"},\"query-input\":{\"@type\":\"PropertyValueSpecification\",\"valueRequired\":true,\"valueName\":\"search_term_string\"}}],\"inLanguage\":\"en-US\"},{\"@type\":\"Person\",\"@id\":\"https:\/\/visitoulufi-2025-10-14_10_27_17.test.cchosting.fi\/#\/schema\/person\/8604066a7f138d3d272253d5a77f03f4\",\"name\":\"Erika Neitola\",\"image\":{\"@type\":\"ImageObject\",\"inLanguage\":\"en-US\",\"@id\":\"https:\/\/visitoulufi-2025-10-14_10_27_17.test.cchosting.fi\/#\/schema\/person\/image\/8c294646634a968f5717f1f34c16157e\",\"url\":\"https:\/\/secure.gravatar.com\/avatar\/ac2eddb63b1c7de28f7071a45bac8a2a603322611078407e680a4a95661553a4?s=96&d=mm&r=g\",\"contentUrl\":\"https:\/\/secure.gravatar.com\/avatar\/ac2eddb63b1c7de28f7071a45bac8a2a603322611078407e680a4a95661553a4?s=96&d=mm&r=g\",\"caption\":\"Erika Neitola\"},\"url\":\"http:\/\/visitoulufi-2025-10-14_10_27_17.test.cchosting.fi\/en\/author\/erika\/\"}]}<\/script>\n<!-- \/ Yoast SEO plugin. -->","yoast_head_json":{"title":"Oulu is the European Capital of Culture 2026: take a look at the Capital of Culture! - Visit Oulu","robots":{"index":"index","follow":"follow","max-snippet":"max-snippet:-1","max-image-preview":"max-image-preview:large","max-video-preview":"max-video-preview:-1"},"canonical":"https:\/\/visitoulufi-2025-10-14_10_27_17.test.cchosting.fi\/en\/european-capital-of-culture-in-2026\/","og_locale":"en_US","og_type":"article","og_title":"Oulu on Euroopan kulttuurip\u00e4\u00e4kaupunki 2026: kurkkaa kulttuurip\u00e4\u00e4kaupunkiin! - Visit Oulu","og_description":"Oulu on vuoden 2026 Euroopan kulttuurip\u00e4\u00e4kaupunki teemalla kulttuuri-ilmastonmuutos. Kulttuuri-ilmastonmuutos yhdist\u00e4\u00e4 kulttuuria, taidetta ja teknologiaa yll\u00e4tt\u00e4v\u00e4ll\u00e4kin tavalla, luo kohtaamisia ja synnytt\u00e4\u00e4 vuorovaikutusta. Oulu on eurooppalaisen kulttuurin n\u00e4ytt\u00e4m\u00f6 vuonna 2026 ja tapahtumat heijastuvat koko Suomeen ja Eurooppaan. Jo ennen vuotta 2026 Oulun seudun kulttuurikent\u00e4ll\u00e4 tapahtuu vaikka mit\u00e4 uutta! [...]Read More... from Oulu on Euroopan kulttuurip\u00e4\u00e4kaupunki 2026: kurkkaa kulttuurip\u00e4\u00e4kaupunkiin!","og_url":"https:\/\/visitoulufi-2025-10-14_10_27_17.test.cchosting.fi\/en\/european-capital-of-culture-in-2026\/","og_site_name":"Visit Oulu","article_published_time":"2022-05-27T07:50:18+00:00","article_modified_time":"2024-05-10T11:38:01+00:00","og_image":[{"width":1920,"height":1080,"url":"https:\/\/visitoulufi-2025-10-14_10_27_17.test.cchosting.fi\/wp-content\/uploads\/2022\/05\/konsertti1.jpg","type":"image\/jpeg"}],"author":"Erika Neitola","twitter_card":"summary_large_image","twitter_misc":{"Written by":"Erika Neitola","Est. reading time":"1 minute"},"schema":{"@context":"https:\/\/schema.org","@graph":[{"@type":"WebPage","@id":"https:\/\/visitoulufi-2025-10-14_10_27_17.test.cchosting.fi\/euroopan-kulttuuripaakaupunki-vuonna-2026\/","url":"https:\/\/visitoulufi-2025-10-14_10_27_17.test.cchosting.fi\/euroopan-kulttuuripaakaupunki-vuonna-2026\/","name":"Oulu is the European Capital of Culture 2026: take a look at the Capital of Culture! - Visit Oulu","isPartOf":{"@id":"https:\/\/visitoulufi-2025-10-14_10_27_17.test.cchosting.fi\/#website"},"primaryImageOfPage":{"@id":"https:\/\/visitoulufi-2025-10-14_10_27_17.test.cchosting.fi\/euroopan-kulttuuripaakaupunki-vuonna-2026\/#primaryimage"},"image":{"@id":"https:\/\/visitoulufi-2025-10-14_10_27_17.test.cchosting.fi\/euroopan-kulttuuripaakaupunki-vuonna-2026\/#primaryimage"},"thumbnailUrl":"https:\/\/visitoulufi-2025-10-14_10_27_17.test.cchosting.fi\/wp-content\/uploads\/2022\/05\/konsertti1.jpg","datePublished":"2022-05-27T07:50:18+00:00","dateModified":"2024-05-10T11:38:01+00:00","author":{"@id":"https:\/\/visitoulufi-2025-10-14_10_27_17.test.cchosting.fi\/#\/schema\/person\/8604066a7f138d3d272253d5a77f03f4"},"breadcrumb":{"@id":"https:\/\/visitoulufi-2025-10-14_10_27_17.test.cchosting.fi\/euroopan-kulttuuripaakaupunki-vuonna-2026\/#breadcrumb"},"inLanguage":"en-US","potentialAction":[{"@type":"ReadAction","target":["https:\/\/visitoulufi-2025-10-14_10_27_17.test.cchosting.fi\/euroopan-kulttuuripaakaupunki-vuonna-2026\/"]}]},{"@type":"ImageObject","inLanguage":"en-US","@id":"https:\/\/visitoulufi-2025-10-14_10_27_17.test.cchosting.fi\/euroopan-kulttuuripaakaupunki-vuonna-2026\/#primaryimage","url":"https:\/\/visitoulufi-2025-10-14_10_27_17.test.cchosting.fi\/wp-content\/uploads\/2022\/05\/konsertti1.jpg","contentUrl":"https:\/\/visitoulufi-2025-10-14_10_27_17.test.cchosting.fi\/wp-content\/uploads\/2022\/05\/konsertti1.jpg","width":1920,"height":1080},{"@type":"BreadcrumbList","@id":"https:\/\/visitoulufi-2025-10-14_10_27_17.test.cchosting.fi\/euroopan-kulttuuripaakaupunki-vuonna-2026\/#breadcrumb","itemListElement":[{"@type":"ListItem","position":1,"name":"Etusivu","item":"https:\/\/visitoulufi-2025-10-14_10_27_17.test.cchosting.fi\/"},{"@type":"ListItem","position":2,"name":"Oulu on Euroopan kulttuurip\u00e4\u00e4kaupunki 2026: kurkkaa kulttuurip\u00e4\u00e4kaupunkiin!"}]},{"@type":"WebSite","@id":"https:\/\/visitoulufi-2025-10-14_10_27_17.test.cchosting.fi\/#website","url":"https:\/\/visitoulufi-2025-10-14_10_27_17.test.cchosting.fi\/","name":"Visit Oulu","description":"","potentialAction":[{"@type":"SearchAction","target":{"@type":"EntryPoint","urlTemplate":"https:\/\/visitoulufi-2025-10-14_10_27_17.test.cchosting.fi\/?s={search_term_string}"},"query-input":{"@type":"PropertyValueSpecification","valueRequired":true,"valueName":"search_term_string"}}],"inLanguage":"en-US"},{"@type":"Person","@id":"https:\/\/visitoulufi-2025-10-14_10_27_17.test.cchosting.fi\/#\/schema\/person\/8604066a7f138d3d272253d5a77f03f4","name":"Erika Neitola","image":{"@type":"ImageObject","inLanguage":"en-US","@id":"https:\/\/visitoulufi-2025-10-14_10_27_17.test.cchosting.fi\/#\/schema\/person\/image\/8c294646634a968f5717f1f34c16157e","url":"https:\/\/secure.gravatar.com\/avatar\/ac2eddb63b1c7de28f7071a45bac8a2a603322611078407e680a4a95661553a4?s=96&d=mm&r=g","contentUrl":"https:\/\/secure.gravatar.com\/avatar\/ac2eddb63b1c7de28f7071a45bac8a2a603322611078407e680a4a95661553a4?s=96&d=mm&r=g","caption":"Erika Neitola"},"url":"http:\/\/visitoulufi-2025-10-14_10_27_17.test.cchosting.fi\/en\/author\/erika\/"}]}},"_links":{"self":[{"href":"http:\/\/visitoulufi-2025-10-14_10_27_17.test.cchosting.fi\/en\/wp-json\/wp\/v2\/posts\/333","targetHints":{"allow":["GET"]}}],"collection":[{"href":"http:\/\/visitoulufi-2025-10-14_10_27_17.test.cchosting.fi\/en\/wp-json\/wp\/v2\/posts"}],"about":[{"href":"http:\/\/visitoulufi-2025-10-14_10_27_17.test.cchosting.fi\/en\/wp-json\/wp\/v2\/types\/post"}],"author":[{"embeddable":true,"href":"http:\/\/visitoulufi-2025-10-14_10_27_17.test.cchosting.fi\/en\/wp-json\/wp\/v2\/users\/2"}],"replies":[{"embeddable":true,"href":"http:\/\/visitoulufi-2025-10-14_10_27_17.test.cchosting.fi\/en\/wp-json\/wp\/v2\/comments?post=333"}],"version-history":[{"count":20,"href":"http:\/\/visitoulufi-2025-10-14_10_27_17.test.cchosting.fi\/en\/wp-json\/wp\/v2\/posts\/333\/revisions"}],"predecessor-version":[{"id":7508,"href":"http:\/\/visitoulufi-2025-10-14_10_27_17.test.cchosting.fi\/en\/wp-json\/wp\/v2\/posts\/333\/revisions\/7508"}],"wp:featuredmedia":[{"embeddable":true,"href":"http:\/\/visitoulufi-2025-10-14_10_27_17.test.cchosting.fi\/en\/wp-json\/wp\/v2\/media\/932"}],"wp:attachment":[{"href":"http:\/\/visitoulufi-2025-10-14_10_27_17.test.cchosting.fi\/en\/wp-json\/wp\/v2\/media?parent=333"}],"wp:term":[{"taxonomy":"category","embeddable":true,"href":"http:\/\/visitoulufi-2025-10-14_10_27_17.test.cchosting.fi\/en\/wp-json\/wp\/v2\/categories?post=333"},{"taxonomy":"post_tag","embeddable":true,"href":"http:\/\/visitoulufi-2025-10-14_10_27_17.test.cchosting.fi\/en\/wp-json\/wp\/v2\/tags?post=333"},{"taxonomy":"author","embeddable":true,"href":"http:\/\/visitoulufi-2025-10-14_10_27_17.test.cchosting.fi\/en\/wp-json\/wp\/v2\/coauthors?post=333"}],"curies":[{"name":"wp","href":"https:\/\/api.w.org\/{rel}","templated":true}]}}